{"id":627,"date":"2011-12-30T14:33:31","date_gmt":"2011-12-30T14:33:31","guid":{"rendered":"http:\/\/53806452.swh.strato-hosting.eu\/woerterbuch\/blog\/\/?p=627"},"modified":"2012-02-14T18:41:33","modified_gmt":"2012-02-14T18:41:33","slug":"welche-formen-gibt-es-inner-und-auserhalb-der-ausstellung-die-ein-dazugehoren-oder-ein-nicht-dazugehoren-entstehen-lassen","status":"publish","type":"post","link":"https:\/\/www.xn--nicht-dazugehren-ywb.de\/blog\/2011\/12\/30\/welche-formen-gibt-es-inner-und-auserhalb-der-ausstellung-die-ein-dazugehoren-oder-ein-nicht-dazugehoren-entstehen-lassen\/","title":{"rendered":"Welche Formen, Bilder, Texte gibt es inner- und au\u00c3\u0178erhalb der Ausstellung, die ein Dazugeh\u00c3\u00b6ren oder ein Nicht-Dazugeh\u00c3\u00b6ren entstehen lassen?\/ Fotografie I"},"content":{"rendered":"<p>Mit dieser Frage setzten wir uns auseinander. Mit Fotografie, Zeichnung, Sprache, Frottagen wurden die Beobachtungen in der Gruppe vermittelt. Zun\u00e4chst Beispiele, in denen Fotografie eingesetzt wird, um Bilder oder Formen zu den Thema des {Nicht-} Dazugeh\u00f6rens zu (v)ermitteln.<\/p>\n<p><img loading=\"lazy\" decoding=\"async\" class=\"size-full wp-image-572 alignleft\" title=\"Daria zeichnet\" src=\"https:\/\/xn--nicht-dazugehren-ywb.de\/blog\/wp-content\/uploads\/2011\/12\/DSC_0075.gif\" alt=\"\" width=\"450\" height=\"299\" srcset=\"https:\/\/www.xn--nicht-dazugehren-ywb.de\/blog\/wp-content\/uploads\/2011\/12\/DSC_0075.gif 450w, https:\/\/www.xn--nicht-dazugehren-ywb.de\/blog\/wp-content\/uploads\/2011\/12\/DSC_0075-300x199.gif 300w\" sizes=\"auto, (max-width: 450px) 100vw, 450px\" \/><\/p>\n<p><img loading=\"lazy\" decoding=\"async\" class=\"size-full wp-image-636 alignright\" title=\"um_2\" src=\"https:\/\/xn--nicht-dazugehren-ywb.de\/blog\/wp-content\/uploads\/2011\/12\/um_21.jpg\" alt=\"\" width=\"450\" height=\"299\" srcset=\"https:\/\/www.xn--nicht-dazugehren-ywb.de\/blog\/wp-content\/uploads\/2011\/12\/um_21.jpg 450w, https:\/\/www.xn--nicht-dazugehren-ywb.de\/blog\/wp-content\/uploads\/2011\/12\/um_21-300x199.jpg 300w\" sizes=\"auto, (max-width: 450px) 100vw, 450px\" \/><br \/>\nFotografie: links Anja Maria Hamann, rechts Ulrike Mohr<\/p>\n<p><strong>Heike Schwab und Stephanie Stahl<\/strong> mit der Arbeit von Daniel Baker <em>Mirrored Books<\/em> 2008-10<br \/>\n<img loading=\"lazy\" decoding=\"async\" class=\"size-full wp-image-585 alignleft\" title=\"heike_stephy_2\" src=\"https:\/\/xn--nicht-dazugehren-ywb.de\/blog\/wp-content\/uploads\/2011\/12\/heike_stephy_2.gif\" alt=\"\" width=\"450\" height=\"338\" srcset=\"https:\/\/www.xn--nicht-dazugehren-ywb.de\/blog\/wp-content\/uploads\/2011\/12\/heike_stephy_2.gif 450w, https:\/\/www.xn--nicht-dazugehren-ywb.de\/blog\/wp-content\/uploads\/2011\/12\/heike_stephy_2-300x225.gif 300w\" sizes=\"auto, (max-width: 450px) 100vw, 450px\" \/> <img loading=\"lazy\" decoding=\"async\" class=\"size-full wp-image-586  alignright\" title=\"heike_stephy_3\" src=\"https:\/\/xn--nicht-dazugehren-ywb.de\/blog\/wp-content\/uploads\/2011\/12\/heike_stephy_3.gif\" alt=\"\" width=\"450\" height=\"338\" srcset=\"https:\/\/www.xn--nicht-dazugehren-ywb.de\/blog\/wp-content\/uploads\/2011\/12\/heike_stephy_3.gif 450w, https:\/\/www.xn--nicht-dazugehren-ywb.de\/blog\/wp-content\/uploads\/2011\/12\/heike_stephy_3-300x225.gif 300w\" sizes=\"auto, (max-width: 450px) 100vw, 450px\" \/><\/p>\n<p><strong>Heike Schwab und Stephanie Stahl<\/strong> mit der Arbeit von Sanja Ivekovi\u00c4\u2021 <em>THE ROHRBACH LIVING MEMORIAL<\/em> 2005<br \/>\n<img loading=\"lazy\" decoding=\"async\" class=\"alignleft size-full wp-image-649\" title=\"DSC00689\" src=\"https:\/\/xn--nicht-dazugehren-ywb.de\/blog\/wp-content\/uploads\/2011\/12\/DSC00689.jpg\" alt=\"\" width=\"450\" height=\"338\" srcset=\"https:\/\/www.xn--nicht-dazugehren-ywb.de\/blog\/wp-content\/uploads\/2011\/12\/DSC00689.jpg 450w, https:\/\/www.xn--nicht-dazugehren-ywb.de\/blog\/wp-content\/uploads\/2011\/12\/DSC00689-300x225.jpg 300w\" sizes=\"auto, (max-width: 450px) 100vw, 450px\" \/> <img loading=\"lazy\" decoding=\"async\" class=\"alignright size-full wp-image-650\" title=\"DSC00686\" src=\"https:\/\/xn--nicht-dazugehren-ywb.de\/blog\/wp-content\/uploads\/2011\/12\/DSC00686.jpg\" alt=\"\" width=\"450\" height=\"338\" srcset=\"https:\/\/www.xn--nicht-dazugehren-ywb.de\/blog\/wp-content\/uploads\/2011\/12\/DSC00686.jpg 450w, https:\/\/www.xn--nicht-dazugehren-ywb.de\/blog\/wp-content\/uploads\/2011\/12\/DSC00686-300x225.jpg 300w\" sizes=\"auto, (max-width: 450px) 100vw, 450px\" \/><\/p>\n<p><strong>Melanie R\u00f6ser<\/strong> mit Fotografien aus der <em>Mauergedenkst\u00e4tte<\/em><br \/>\n<img loading=\"lazy\" decoding=\"async\" class=\"alignleft size-full wp-image-587\" title=\"manuela_1\" src=\"https:\/\/xn--nicht-dazugehren-ywb.de\/blog\/wp-content\/uploads\/2011\/12\/manuela_1.gif\" alt=\"\" width=\"450\" height=\"338\" srcset=\"https:\/\/www.xn--nicht-dazugehren-ywb.de\/blog\/wp-content\/uploads\/2011\/12\/manuela_1.gif 450w, https:\/\/www.xn--nicht-dazugehren-ywb.de\/blog\/wp-content\/uploads\/2011\/12\/manuela_1-300x225.gif 300w\" sizes=\"auto, (max-width: 450px) 100vw, 450px\" \/><img loading=\"lazy\" decoding=\"async\" class=\"alignright size-full wp-image-588\" title=\"melanie_2\" src=\"https:\/\/xn--nicht-dazugehren-ywb.de\/blog\/wp-content\/uploads\/2011\/12\/melanie_2.gif\" alt=\"\" width=\"450\" height=\"338\" srcset=\"https:\/\/www.xn--nicht-dazugehren-ywb.de\/blog\/wp-content\/uploads\/2011\/12\/melanie_2.gif 450w, https:\/\/www.xn--nicht-dazugehren-ywb.de\/blog\/wp-content\/uploads\/2011\/12\/melanie_2-300x225.gif 300w\" sizes=\"auto, (max-width: 450px) 100vw, 450px\" \/><\/p>\n<p><strong>Anja Maria Hamann<\/strong> mit Fotografien aus der Damentoilette<br \/>\n<img loading=\"lazy\" decoding=\"async\" class=\"alignleft size-full wp-image-655\" title=\"DSC02648\" src=\"https:\/\/xn--nicht-dazugehren-ywb.de\/blog\/wp-content\/uploads\/2011\/12\/DSC02648.jpg\" alt=\"\" width=\"450\" height=\"338\" srcset=\"https:\/\/www.xn--nicht-dazugehren-ywb.de\/blog\/wp-content\/uploads\/2011\/12\/DSC02648.jpg 450w, https:\/\/www.xn--nicht-dazugehren-ywb.de\/blog\/wp-content\/uploads\/2011\/12\/DSC02648-300x225.jpg 300w\" sizes=\"auto, (max-width: 450px) 100vw, 450px\" \/><img loading=\"lazy\" decoding=\"async\" class=\"alignright size-full wp-image-656\" title=\"DSC02650\" src=\"https:\/\/xn--nicht-dazugehren-ywb.de\/blog\/wp-content\/uploads\/2011\/12\/DSC02650.jpg\" alt=\"\" width=\"450\" height=\"338\" srcset=\"https:\/\/www.xn--nicht-dazugehren-ywb.de\/blog\/wp-content\/uploads\/2011\/12\/DSC02650.jpg 450w, https:\/\/www.xn--nicht-dazugehren-ywb.de\/blog\/wp-content\/uploads\/2011\/12\/DSC02650-300x225.jpg 300w\" sizes=\"auto, (max-width: 450px) 100vw, 450px\" \/><\/p>\n<p>Ich mit Fotografien aus der Ausstellung &#8211; wie rahmt die Architektur den Protagonisten der Filminstallation <em>Bolek<\/em> von Tamara Grcic, 2000? Der Ausstellungsraum erinnert mich an koloniale Geb\u00e4ude, er ist verschn\u00f6rkelt und atmet Pathos. Was macht das mit dem Portr\u00e4tierten? Die Rauminstallation <em>Witch Hunt<\/em>, 2009-11 von Delaine Le Bas nimmt diese Formen bewusst auf und liest mit einem Baldachinhaus gegen: Dem Haus im Haus. Anne Krause nahm dies zum Anlass blind ein kleines Haus aus Ton zu formen, f\u00fcr das sie im Stock dar\u00fcber einen Platz fand (Abbildung links, ganz unten in der Ecke)<br \/>\n<img loading=\"lazy\" decoding=\"async\" class=\"alignleft size-full wp-image-716\" title=\"DSC02636\" src=\"https:\/\/xn--nicht-dazugehren-ywb.de\/blog\/wp-content\/uploads\/2011\/12\/DSC02636.jpg\" alt=\"\" width=\"450\" height=\"310\" \/><img loading=\"lazy\" decoding=\"async\" class=\"alignright size-full wp-image-571\" title=\"DSC_0073\" src=\"https:\/\/xn--nicht-dazugehren-ywb.de\/blog\/wp-content\/uploads\/2011\/12\/DSC_0073.gif\" alt=\"\" width=\"450\" height=\"310\" \/><\/p>\n","protected":false},"excerpt":{"rendered":"<p>Mit dieser Frage setzten wir uns auseinander. Mit Fotografie, Zeichnung, Sprache, Frottagen wurden die Beobachtungen in der Gruppe vermittelt. Zun\u00e4chst Beispiele, in denen Fotografie eingesetzt wird, um Bilder oder Formen zu den Thema des {Nicht-} Dazugeh\u00f6rens zu (v)ermitteln. Fotografie: links Anja Maria Hamann, rechts Ulrike Mohr Heike Schwab und Stephanie Stahl mit der Arbeit von [&hellip;]<\/p>\n","protected":false},"author":7,"featured_media":0,"comment_status":"open","ping_status":"open","sticky":false,"template":"","format":"standard","meta":{"footnotes":""},"categories":[1,24,75],"tags":[116,117,113,114,119,115,118],"class_list":["post-627","post","type-post","status-publish","format-standard","hentry","category-allgemein","category-ausstellung-reconsidering-roma","category-begriffen","tag-daniel-baker","tag-die-mauer","tag-formen-des-dazugehorens","tag-formen-des-nicht-dazugehorens","tag-gedenkstatte","tag-sanja-ivekovic","tag-toilette"],"_links":{"self":[{"href":"https:\/\/www.xn--nicht-dazugehren-ywb.de\/blog\/wp-json\/wp\/v2\/posts\/627","targetHints":{"allow":["GET"]}}],"collection":[{"href":"https:\/\/www.xn--nicht-dazugehren-ywb.de\/blog\/wp-json\/wp\/v2\/posts"}],"about":[{"href":"https:\/\/www.xn--nicht-dazugehren-ywb.de\/blog\/wp-json\/wp\/v2\/types\/post"}],"author":[{"embeddable":true,"href":"https:\/\/www.xn--nicht-dazugehren-ywb.de\/blog\/wp-json\/wp\/v2\/users\/7"}],"replies":[{"embeddable":true,"href":"https:\/\/www.xn--nicht-dazugehren-ywb.de\/blog\/wp-json\/wp\/v2\/comments?post=627"}],"version-history":[{"count":27,"href":"https:\/\/www.xn--nicht-dazugehren-ywb.de\/blog\/wp-json\/wp\/v2\/posts\/627\/revisions"}],"predecessor-version":[{"id":896,"href":"https:\/\/www.xn--nicht-dazugehren-ywb.de\/blog\/wp-json\/wp\/v2\/posts\/627\/revisions\/896"}],"wp:attachment":[{"href":"https:\/\/www.xn--nicht-dazugehren-ywb.de\/blog\/wp-json\/wp\/v2\/media?parent=627"}],"wp:term":[{"taxonomy":"category","embeddable":true,"href":"https:\/\/www.xn--nicht-dazugehren-ywb.de\/blog\/wp-json\/wp\/v2\/categories?post=627"},{"taxonomy":"post_tag","embeddable":true,"href":"https:\/\/www.xn--nicht-dazugehren-ywb.de\/blog\/wp-json\/wp\/v2\/tags?post=627"}],"curies":[{"name":"wp","href":"https:\/\/api.w.org\/{rel}","templated":true}]}}